{"id":967,"date":"2021-04-16T14:02:17","date_gmt":"2021-04-16T14:02:17","guid":{"rendered":"https:\/\/www.finatra.de\/blog\/?p=967"},"modified":"2021-04-16T14:09:33","modified_gmt":"2021-04-16T14:09:33","slug":"mietendeckel-in-berlin-gekippt","status":"publish","type":"post","link":"https:\/\/www.finatra.de\/blog\/2021\/04\/16\/mietendeckel-in-berlin-gekippt\/","title":{"rendered":"Mietendeckel in Berlin gekippt"},"content":{"rendered":"\n<p>Mit seinem \u201eGesetz zur Mietenbegrenzung im Wohnungswesen in Berlin\u201c vom 23.02.2020 hatte die Berliner Landesregierung versucht, die rasanten Mietsteigerungen in der Hauptstadt einzud\u00e4mmen. Das Gesetz umfasste dabei drei Ma\u00dfnahmen: Ein Verbot von Mieterh\u00f6hungen \u00fcber das Niveau vom 18.06.2019 hinaus, eine lageunabh\u00e4ngige Mietobergrenze bei Wiedervermietung sowie ein Verbot \u00fcberh\u00f6hter Mieten. <\/p>\n\n\n\n<!--more-->\n\n\n\n<p>Allerdings war bereits bei Erlass des Gesetzes umstritten, ob das Land Berlin \u00fcberhaupt die daf\u00fcr notwendige Gesetzgebungskompetenz besa\u00df. 284 Bundestagsabgeordnete der FDP und CDU\/CSU riefen daher in einem Normenkontrollantrag das Bundesverfassungsgericht an, um in dieser Frage zu entscheiden.<\/p>\n\n\n\n<p>Das Gericht erkl\u00e4rte nun in seinem Urteil vom 15.04.2021 den Berliner Mietendeckel f\u00fcr verfassungswidrig und somit nichtig. Das Mietpreisrecht falle in die konkurrierende Gesetzgebungskompetenz. Die L\u00e4nder seien zur Gesetzgebung also nur befugt, wenn und soweit der Bund keinen abschlie\u00dfenden Gebrauch von seiner Kompetenz gemacht habe. Laut Bundesverfassungsgericht ist jedoch das Mietpreisrecht durch den Bund abschlie\u00dfend geregelt. Aufgrund der dadurch entfalteten Sperrwirkung habe das Land Berlin seine Kompetenzen \u00fcberschritten. Das Gesetz sei nicht mit der Verfassung vereinbar.<\/p>\n\n\n\n<p>Das Urteil stie\u00df national und international auf gro\u00dfes Interesse. Es wurde insbesondere von Abgeordneten der FDP und CDU\/CSU begr\u00fc\u00dft. Laut Horst Seehofer sei es insbesondere aus baupolitischer Sicht als positiv zu bewerten. So habe der Berliner Mietendeckel zu einem R\u00fcckgang der Investitionen gef\u00fchrt und \u00f6konomisch falsche Anreize gesetzt.<\/p>\n\n\n\n<p>Die Verantwortlichen im Berliner Senat hingegen zeigten sich vom Urteil entt\u00e4uscht. Der Berliner Stadtentwicklungssenator Scheel forderte eine \u00c4nderung des Mietpreisrechts durch den Bund bzw. eine \u00dcbertragung der entsprechenden Kompetenzen an die L\u00e4nder. Diese Fragen d\u00fcrften daher insbesondere im Wahlkampf auf Bundesebene erneut zum Thema gemacht werden.<\/p>\n","protected":false},"excerpt":{"rendered":"<p>Mit seinem \u201eGesetz zur Mietenbegrenzung im Wohnungswesen in Berlin\u201c vom 23.02.2020 hatte die Berliner Landesregierung versucht, die rasanten Mietsteigerungen in der Hauptstadt einzud\u00e4mmen. Das Gesetz umfasste dabei drei Ma\u00dfnahmen: Ein Verbot von Mieterh\u00f6hungen \u00fcber das Niveau vom 18.06.2019 hinaus, eine lageunabh\u00e4ngige Mietobergrenze bei Wiedervermietung sowie ein Verbot \u00fcberh\u00f6hter Mieten.<\/p>\n","protected":false},"author":11,"featured_media":241,"comment_status":"closed","ping_status":"open","sticky":false,"template":"","format":"standard","meta":[],"categories":[32,1],"tags":[230],"_links":{"self":[{"href":"https:\/\/www.finatra.de\/blog\/wp-json\/wp\/v2\/posts\/967"}],"collection":[{"href":"https:\/\/www.finatra.de\/blog\/wp-json\/wp\/v2\/posts"}],"about":[{"href":"https:\/\/www.finatra.de\/blog\/wp-json\/wp\/v2\/types\/post"}],"author":[{"embeddable":true,"href":"https:\/\/www.finatra.de\/blog\/wp-json\/wp\/v2\/users\/11"}],"replies":[{"embeddable":true,"href":"https:\/\/www.finatra.de\/blog\/wp-json\/wp\/v2\/comments?post=967"}],"version-history":[{"count":2,"href":"https:\/\/www.finatra.de\/blog\/wp-json\/wp\/v2\/posts\/967\/revisions"}],"predecessor-version":[{"id":970,"href":"https:\/\/www.finatra.de\/blog\/wp-json\/wp\/v2\/posts\/967\/revisions\/970"}],"wp:featuredmedia":[{"embeddable":true,"href":"https:\/\/www.finatra.de\/blog\/wp-json\/wp\/v2\/media\/241"}],"wp:attachment":[{"href":"https:\/\/www.finatra.de\/blog\/wp-json\/wp\/v2\/media?parent=967"}],"wp:term":[{"taxonomy":"category","embeddable":true,"href":"https:\/\/www.finatra.de\/blog\/wp-json\/wp\/v2\/categories?post=967"},{"taxonomy":"post_tag","embeddable":true,"href":"https:\/\/www.finatra.de\/blog\/wp-json\/wp\/v2\/tags?post=967"}],"curies":[{"name":"wp","href":"https:\/\/api.w.org\/{rel}","templated":true}]}}