{"id":491,"date":"2016-11-18T17:11:13","date_gmt":"2016-11-18T17:11:13","guid":{"rendered":"https:\/\/www.finatra.de\/blog\/?p=491"},"modified":"2020-02-05T10:30:17","modified_gmt":"2020-02-05T10:30:17","slug":"nettoverdienst-2017-durch-lohnsteuerfreibetrag-erhoehen","status":"publish","type":"post","link":"https:\/\/www.finatra.de\/blog\/2016\/11\/18\/nettoverdienst-2017-durch-lohnsteuerfreibetrag-erhoehen\/","title":{"rendered":"Nettoverdienst 2017 durch Lohnsteuerfreibetrag erh\u00f6hen"},"content":{"rendered":"<p>Um das Nettogehalt zu vergr\u00f6\u00dfern, k\u00f6nnen erh\u00f6hte Aufwendungen durch Antrag auf Lohnsteuer\u00aderm\u00e4\u00dfigung bereits vor Abgabe der Steuererkl\u00e4rung steuerlich angerechnet werden. Bei Abgabe bis zum Jahresende wird der Freibetrag bereits im Januar 2017 ber\u00fccksichtigt. <!--more-->In Frage kommen hierf\u00fcr unter anderem folgende Aufwendungen:<\/p>\n<ul>\n<li>Werbungskosten (\u00fcber 1.000 \u20ac) beispielsweise im Rahmen der doppelten Haushaltsf\u00fchrung, f\u00fcr Fahrten zur Arbeit oder Fortbildungen,<\/li>\n<li>au\u00dfergew\u00f6hnliche Belastungen wie krankheitsbedingte Kosten, Kosten bei Behinderung, Pflegebed\u00fcrftigkeit oder Unterhalt an bed\u00fcrftige Angeh\u00f6rige,<\/li>\n<li>Sonderausgaben (\u00fcber 36 \u20ac bei Einzelveranlagung bzw. 72 \u20ac bei Zusammenveranlagung) wie Spenden, Kosten f\u00fcr Kinderbetreuung oder Ausbildung,<\/li>\n<li>Unterhaltszahlungen,<\/li>\n<li>Kosten f\u00fcr Haushaltshilfen, haushaltsnahe Dienstleistungen und Handwerkerleistungen sowie<\/li>\n<li>Verluste (z.B. aus Gewerbebetrieb, selbst\u00e4ndiger Arbeit, Land- und Forstwirtschaft).<\/li>\n<\/ul>\n<p>Der eingetragene Freibetrag ist auch im Folgejahr g\u00fcltig, muss allerdings angepasst werden, wenn sich die H\u00f6he verringert. Betr\u00e4gt der Arbeitslohn \u00fcber 11.000 \u20ac bei Einzelveranlagung bzw. \u00fcber 20.900 \u20ac bei Zusammenveranlagung, m\u00fcssen Sie eine Einkommensteuererkl\u00e4rung f\u00fcr das entsprechende Jahr abgeben.<\/p>\n<p>Der <a href=\"http:\/\/www.formulare-bfinv.de\/ffw\/action\/invoke.do?id=034008_17\">Antrag auf Lohnsteuer-Erm\u00e4\u00dfigung 2017<\/a> sowie der <a href=\"https:\/\/www.formulare-bfinv.de\/ffw\/action\/invoke.do?id=034007_17\">vereinfachte Antrag auf Lohnsteuer-Erm\u00e4\u00dfigung 2017<\/a> stehen sowohl online als auch in Papierform in den Finanz\u00e4mtern zur Verf\u00fcgung.<\/p>\n","protected":false},"excerpt":{"rendered":"<p>Um das Nettogehalt zu vergr\u00f6\u00dfern, k\u00f6nnen erh\u00f6hte Aufwendungen durch Antrag auf Lohnsteuer\u00aderm\u00e4\u00dfigung bereits vor Abgabe der Steuererkl\u00e4rung steuerlich angerechnet werden. Bei Abgabe bis zum Jahresende wird der Freibetrag bereits im Januar 2017 ber\u00fccksichtigt.<\/p>\n","protected":false},"author":8,"featured_media":493,"comment_status":"closed","ping_status":"closed","sticky":false,"template":"","format":"standard","meta":[],"categories":[23,32,38],"tags":[120,117,116,119],"_links":{"self":[{"href":"https:\/\/www.finatra.de\/blog\/wp-json\/wp\/v2\/posts\/491"}],"collection":[{"href":"https:\/\/www.finatra.de\/blog\/wp-json\/wp\/v2\/posts"}],"about":[{"href":"https:\/\/www.finatra.de\/blog\/wp-json\/wp\/v2\/types\/post"}],"author":[{"embeddable":true,"href":"https:\/\/www.finatra.de\/blog\/wp-json\/wp\/v2\/users\/8"}],"replies":[{"embeddable":true,"href":"https:\/\/www.finatra.de\/blog\/wp-json\/wp\/v2\/comments?post=491"}],"version-history":[{"count":1,"href":"https:\/\/www.finatra.de\/blog\/wp-json\/wp\/v2\/posts\/491\/revisions"}],"predecessor-version":[{"id":492,"href":"https:\/\/www.finatra.de\/blog\/wp-json\/wp\/v2\/posts\/491\/revisions\/492"}],"wp:featuredmedia":[{"embeddable":true,"href":"https:\/\/www.finatra.de\/blog\/wp-json\/wp\/v2\/media\/493"}],"wp:attachment":[{"href":"https:\/\/www.finatra.de\/blog\/wp-json\/wp\/v2\/media?parent=491"}],"wp:term":[{"taxonomy":"category","embeddable":true,"href":"https:\/\/www.finatra.de\/blog\/wp-json\/wp\/v2\/categories?post=491"},{"taxonomy":"post_tag","embeddable":true,"href":"https:\/\/www.finatra.de\/blog\/wp-json\/wp\/v2\/tags?post=491"}],"curies":[{"name":"wp","href":"https:\/\/api.w.org\/{rel}","templated":true}]}}